{"provider_url": "https://www.prata.mg.leg.br", "title": "CONVOCA\u00c7\u00c3O - Sess\u00e3o Ordin\u00e1ria", "html": "<p>CONVOCA\u00c7\u00c3O REUNI\u00c3O ORDIN\u00c1RIA</p>\r\n<p>O Presidente da C\u00e2mara Municipal do Prata informa que a Reuni\u00e3o Ordin\u00e1ria, prevista para ser realizada no dia 04 de maio de 2026 (segunda-feira) as 18h 30min, excepcionalmente ter\u00e1 o dia e o hor\u00e1rio alterado para o dia 13 de maio de 2026 (quarta-feira) \u00e0s 18h 30min, no Plen\u00e1rio da C\u00e2mara Municipal. Em situa\u00e7\u00f5es excepcionais, poder\u00e1 ocorrer a convoca\u00e7\u00e3o dos interessados em data e hor\u00e1rio diferentes, situa\u00e7\u00e3o na qual ser\u00e1 garantida a devida publicidade com anteced\u00eancia.</p>\r\n<p>C\u00e2mara Municipal do Prata, 30 de abril de 2026. Paulo Marques de Souza J\u00fanior Presidente da C\u00e2mara Municipal do Prata</p>", "author_name": "", "version": "1.0", "author_url": "https://www.prata.mg.leg.br/author/adm", "provider_name": "  C\u00c2MARA MUNICIPAL DO PRATA  - MG", "type": "rich"}